{"id":2398,"date":"2024-10-30T11:54:05","date_gmt":"2024-10-30T10:54:05","guid":{"rendered":"https:\/\/instytutkonfucjusza.ug.edu.pl\/?p=2398"},"modified":"2024-10-30T11:54:07","modified_gmt":"2024-10-30T10:54:07","slug":"posiedzenie-rady-instytutu-konfucjusza-uniwersytetu-gdanskiego","status":"publish","type":"post","link":"https:\/\/instytutkonfucjusza.ug.edu.pl\/en\/posiedzenie-rady-instytutu-konfucjusza-uniwersytetu-gdanskiego\/","title":{"rendered":"Posiedzenie Rady Instytutu Konfucjusza Uniwersytetu Gda\u0144skiego"},"content":{"rendered":"<p>Przed\u0142u\u017cenie do 2029 roku umowy wykonawczej na dzia\u0142alno\u015b\u0107 Instytutu Konfucjusza Uniwersytetu Gda\u0144skiego by\u0142o g\u0142\u00f3wnym tematem posiedzenia Rady Instytutu, w sk\u0142ad kt\u00f3rej wchodz\u0105, obok przedstawicieli Uniwersytetu Gda\u0144skiego, partnerzy chi\u0144scy reprezentuj\u0105cy peki\u0144ski Uniwersytet Chi\u0144skiej Akademii Nauk Spo\u0142ecznych (UCASS &#8211; University of Chinese Academy of Social Sciences) oraz Fundacj\u0119 Chi\u0144skiej Edukacji Mi\u0119dzynarodowej (CIEF &#8211; Chinese International Education Foundation). <\/p>\n\n\n\n<p>Przedstawiciele strony chi\u0144skiej zwiedzili kompleks pomieszcze\u0144 nale\u017c\u0105cy od 2014 roku do Instytutu Konfucjusza Uniwersytetu Gda\u0144skiego. Nast\u0119pnie, korzystaj\u0105c z \u0142adnej pogody podczas spaceru,  zapoznali si\u0119 z interesuj\u0105cymi ich obiektami kampusu uniwersyteckiego. Uwag\u0119 delegacji zwr\u00f3ci\u0142y pomieszczenia Wydzia\u0142u Filologicznego, ale przede wszystkim Biblioteka, kt\u00f3ra okaza\u0142a si\u0119 by\u0107 znacznie przestronniejsza i zasobniejsza, ni\u017c biblioteka uniwersytecka UCASS w Pekinie.<\/p>\n\n\n\n<p>Spotkaniu, kt\u00f3re odby\u0142o si\u0119 23 pa\u017adziernika 2024 r. przewodniczyli dyrektorzy Instytutu Konfucjusza prof. dr hab. Aneta Lewi\u0144ska oraz prof. nadzw. Guan Yu. W\u0142adze uniwersyteckie by\u0142y reprezentowane przez dr hab. Urszul\u0119 Patock\u0105-Sig\u0142owy, prof. UG \u2013 Prorektor ds. Studenckich oraz dr hab. Ma\u0142gorzat\u0119 Jarmu\u0142owicz \u2013 Dziekan Wydzia\u0142u Filologicznego i dr hab. Joann\u0119 Jereczek-Lipi\u0144sk\u0105, prof. UG \u2013 Prodziekan ds. Kszta\u0142cenia i Wsp\u00f3\u0142pracy z Otoczeniem Wydzia\u0142u Filologicznego. Ze strony polskiej udzia\u0142 w spotkaniu wzi\u0119li tak\u017ce Joanna Zakrzewska i Rui Wang-Kwieci\u0144ska z Biura Wsp\u00f3\u0142pracy i Umi\u0119dzynarodowienia oraz Alicja Kisiel z Instytutu Konfucjusza, kt\u00f3ra pe\u0142ni\u0142a tak\u017ce rol\u0119 t\u0142umacza j\u0119zyka chi\u0144skiego. <\/p>\n\n\n\n<p>Na czele delegacji chi\u0144skiej sta\u0142 Zhang Shuhui \u2013 Wiceprezydent UCASS. Towarzyszyli mu Ni Lijie \u2013 Dyrektor Programowa Biura Zarz\u0105dzania Instytutu Konfucjusza, Zeng Maofu \u2013 Wicedyrektor Departamentu Wymiany i Wsp\u00f3\u0142pracy Mi\u0119dzynarodowej oraz Sun Zhaoyang \u2013 Prodziekan Wydzia\u0142u Edukacji Globalnej i Rozwoju.<\/p>\n\n\n\n<p>Wi\u0119cej informacji i zdj\u0119cia na naszej stronie <a href=\"https:\/\/www.facebook.com\/konfucjuszUG\">fejsbukowej<\/a> and <a href=\"https:\/\/www.instagram.com\/instytut.konfucjusza.ug\/\">instagramowej <\/a><\/p>","protected":false},"excerpt":{"rendered":"<p>Przed\u0142u\u017cenie do 2029 roku umowy wykonawczej na dzia\u0142alno\u015b\u0107 Instytutu Konfucjusza Uniwersytetu Gda\u0144skiego by\u0142o g\u0142\u00f3wnym tematem posiedzenia Rady Instytutu, w sk\u0142ad kt\u00f3rej wchodz\u0105, obok przedstawicieli Uniwersytetu Gda\u0144skiego, partnerzy chi\u0144scy reprezentuj\u0105cy peki\u0144ski Uniwersytet Chi\u0144skiej Akademii Nauk Spo\u0142ecznych (UCASS &#8211; University of Chinese Academy of Social Sciences) oraz Fundacj\u0119 Chi\u0144skiej Edukacji Mi\u0119dzynarodowej (CIEF &#8211; Chinese International Education Foundation). [&hellip;]<\/p>\n","protected":false},"author":102,"featured_media":0,"comment_status":"open","ping_status":"open","sticky":false,"template":"","format":"standard","meta":{"_acf_changed":false,"footnotes":""},"categories":[1],"tags":[12,13],"class_list":["post-2398","post","type-post","status-publish","format-standard","hentry","category-komunikaty-sekretariatu","tag-instytut-konfucjusza","tag-uniwersytet-gdanski"],"acf":[],"_links":{"self":[{"href":"https:\/\/instytutkonfucjusza.ug.edu.pl\/en\/wp-json\/wp\/v2\/posts\/2398","targetHints":{"allow":["GET"]}}],"collection":[{"href":"https:\/\/instytutkonfucjusza.ug.edu.pl\/en\/wp-json\/wp\/v2\/posts"}],"about":[{"href":"https:\/\/instytutkonfucjusza.ug.edu.pl\/en\/wp-json\/wp\/v2\/types\/post"}],"author":[{"embeddable":true,"href":"https:\/\/instytutkonfucjusza.ug.edu.pl\/en\/wp-json\/wp\/v2\/users\/102"}],"replies":[{"embeddable":true,"href":"https:\/\/instytutkonfucjusza.ug.edu.pl\/en\/wp-json\/wp\/v2\/comments?post=2398"}],"version-history":[{"count":2,"href":"https:\/\/instytutkonfucjusza.ug.edu.pl\/en\/wp-json\/wp\/v2\/posts\/2398\/revisions"}],"predecessor-version":[{"id":2400,"href":"https:\/\/instytutkonfucjusza.ug.edu.pl\/en\/wp-json\/wp\/v2\/posts\/2398\/revisions\/2400"}],"wp:attachment":[{"href":"https:\/\/instytutkonfucjusza.ug.edu.pl\/en\/wp-json\/wp\/v2\/media?parent=2398"}],"wp:term":[{"taxonomy":"category","embeddable":true,"href":"https:\/\/instytutkonfucjusza.ug.edu.pl\/en\/wp-json\/wp\/v2\/categories?post=2398"},{"taxonomy":"post_tag","embeddable":true,"href":"https:\/\/instytutkonfucjusza.ug.edu.pl\/en\/wp-json\/wp\/v2\/tags?post=2398"}],"curies":[{"name":"wp","href":"https:\/\/api.w.org\/{rel}","templated":true}]}}